{"id":7657,"date":"2025-08-26T11:35:56","date_gmt":"2025-08-26T09:35:56","guid":{"rendered":"https:\/\/www.polcenigo.org\/?p=7657"},"modified":"2025-08-26T11:35:56","modified_gmt":"2025-08-26T09:35:56","slug":"la-memoria-dellacqua","status":"publish","type":"post","link":"https:\/\/www.polcenigo.org\/en\/la-memoria-dellacqua\/","title":{"rendered":"LA MEMORIA DELL&#8217;ACQUA, L&#8217;ARCHEOLOGIA PRENDE VITA"},"content":{"rendered":"<div class=\"wpb-content-wrapper\"><p>[vc_row][vc_column width=&#8221;1\/2&#8243;][vc_column_text css=&#8221;&#8221;]<\/p>\n<div class=\"xdj266r x14z9mp xat24cr x1lziwak x1vvkbs x126k92a\">\n<div dir=\"auto\"><span class=\"html-span xexx8yu xyri2b x18d9i69 x1c1uobl x1hl2dhg x16tdsg8 x1vvkbs x3nfvp2 x1j61x8r x1fcty0u xdj266r xat24cr xm2jcoa x1mpyi22 xxymvpz xlup9mm x1kky2od\"><img loading=\"lazy\" decoding=\"async\" class=\"xz74otr x15mokao x1ga7v0g x16uus16 xbiv7yw\" src=\"https:\/\/static.xx.fbcdn.net\/images\/emoji.php\/v9\/t42\/1\/16\/1f4a7.png\" alt=\"\ud83d\udca7\" width=\"16\" height=\"16\" \/><\/span><span class=\"html-span xexx8yu xyri2b x18d9i69 x1c1uobl x1hl2dhg x16tdsg8 x1vvkbs x3nfvp2 x1j61x8r x1fcty0u xdj266r xat24cr xm2jcoa x1mpyi22 xxymvpz xlup9mm x1kky2od\"><img loading=\"lazy\" decoding=\"async\" class=\"xz74otr x15mokao x1ga7v0g x16uus16 xbiv7yw\" src=\"https:\/\/static.xx.fbcdn.net\/images\/emoji.php\/v9\/t1f\/1\/16\/1f3b6.png\" alt=\"\ud83c\udfb6\" width=\"16\" height=\"16\" \/><\/span> <span class=\"html-span xdj266r x14z9mp xat24cr x1lziwak xexx8yu xyri2b x18d9i69 x1c1uobl x1hl2dhg x16tdsg8 x1vvkbs\"><a class=\"x1i10hfl xjbqb8w x1ejq31n x18oe1m7 x1sy0etr xstzfhl x972fbf x10w94by x1qhh985 x14e42zd x9f619 x1ypdohk xt0psk2 x3ct3a4 xdj266r x14z9mp xat24cr x1lziwak xexx8yu xyri2b x18d9i69 x1c1uobl x16tdsg8 x1hl2dhg xggy1nq x1a2a7pz xkrqix3 x1sur9pj x1fey0fg x1s688f\" tabindex=\"0\" role=\"link\" href=\"https:\/\/www.facebook.com\/events\/761954102883007\/?__cft__[0]=AZX55KqxHcBCqfM_ae7JULVbbny_bDFEattowM_6hA2oB322hLQX6HBKYRzM7-EHtOIfJffw5wgZYs_EbkmCCwT-VCo2llhZm6h3HXGf5tXikZH1154kMdMKNOvNu-3TgLXn6TuqyCWu6B734zhMIuXEnHZl9-_PaYf4dkODBPDxeA&amp;__tn__=-UK-R\">LA MEMORIA DELL&#8217;ACQUA, L&#8217;ARCHEOLOGIA PRENDE VITA con Carla Vukmirovic e Edoardo De Angelis<\/a><\/span><\/div>\n<div dir=\"auto\"><\/div>\n<div dir=\"auto\">L\u2019attrice Carla Vukmirovic e il cantautore Edoardo De Angelis daranno voce e musica a una delle pi\u00f9 belle e misteriose ricchezze della Regione Friuli Venezia Giulia: il Pal\u00f9 di Livenza <span class=\"html-span xexx8yu xyri2b x18d9i69 x1c1uobl x1hl2dhg x16tdsg8 x1vvkbs x3nfvp2 x1j61x8r x1fcty0u xdj266r xat24cr xm2jcoa x1mpyi22 xxymvpz xlup9mm x1kky2od\"><img loading=\"lazy\" decoding=\"async\" class=\"xz74otr x15mokao x1ga7v0g x16uus16 xbiv7yw\" src=\"https:\/\/static.xx.fbcdn.net\/images\/emoji.php\/v9\/t1e\/1\/16\/1f33f.png\" alt=\"\ud83c\udf3f\" width=\"16\" height=\"16\" \/><\/span><\/div>\n<\/div>\n<div class=\"x14z9mp xat24cr x1lziwak x1vvkbs xtlvy1s x126k92a\">\n<div dir=\"auto\">Passaggi di storia ed elementi di archeologia saranno offerti alla curiosit\u00e0 di coloro che vorranno partecipare alle visite teatralizzate del sito sabato 30 agosto e alla sua Premiere in scena in localit\u00e0 Santissima Venerd\u00ec 29 agosto <span class=\"html-span xexx8yu xyri2b x18d9i69 x1c1uobl x1hl2dhg x16tdsg8 x1vvkbs x3nfvp2 x1j61x8r x1fcty0u xdj266r xat24cr xm2jcoa x1mpyi22 xxymvpz xlup9mm x1kky2od\"><img loading=\"lazy\" decoding=\"async\" class=\"xz74otr x15mokao x1ga7v0g x16uus16 xbiv7yw\" src=\"https:\/\/static.xx.fbcdn.net\/images\/emoji.php\/v9\/tae\/1\/16\/1f3ad.png\" alt=\"\ud83c\udfad\" width=\"16\" height=\"16\" \/><\/span><\/div>\n<\/div>\n<div class=\"x14z9mp xat24cr x1lziwak x1vvkbs xtlvy1s x126k92a\">\n<div dir=\"auto\"><span class=\"html-span xexx8yu xyri2b x18d9i69 x1c1uobl x1hl2dhg x16tdsg8 x1vvkbs x3nfvp2 x1j61x8r x1fcty0u xdj266r xat24cr xm2jcoa x1mpyi22 xxymvpz xlup9mm x1kky2od\"><img loading=\"lazy\" decoding=\"async\" class=\"xz74otr x15mokao x1ga7v0g x16uus16 xbiv7yw\" src=\"https:\/\/static.xx.fbcdn.net\/images\/emoji.php\/v9\/t5c\/1\/16\/1f5d3.png\" alt=\"\ud83d\uddd3\" width=\"16\" height=\"16\" \/><\/span> VENERD\u00ec 29 AGOSTO<\/div>\n<div dir=\"auto\"><span class=\"html-span xexx8yu xyri2b x18d9i69 x1c1uobl x1hl2dhg x16tdsg8 x1vvkbs x3nfvp2 x1j61x8r x1fcty0u xdj266r xat24cr xm2jcoa x1mpyi22 xxymvpz xlup9mm x1kky2od\"><img loading=\"lazy\" decoding=\"async\" class=\"xz74otr x15mokao x1ga7v0g x16uus16 xbiv7yw\" src=\"https:\/\/static.xx.fbcdn.net\/images\/emoji.php\/v9\/t1f\/1\/16\/1f3b6.png\" alt=\"\ud83c\udfb6\" width=\"16\" height=\"16\" \/><\/span> Rappresentazione teatrale<\/div>\n<div dir=\"auto\"><\/div>\n<div dir=\"auto\">Presentazione ufficiale delle visite teatralizzate e \u201cmaking of\u201d del percorso di visita, con la lettura scenica dei testi da parte dell&#8217;attrice Carla Vukmirovic e l\u2019esibizione live di Edoardo De Angelis.<\/div>\n<div dir=\"auto\"><\/div>\n<div dir=\"auto\"><span class=\"html-span xexx8yu xyri2b x18d9i69 x1c1uobl x1hl2dhg x16tdsg8 x1vvkbs x3nfvp2 x1j61x8r x1fcty0u xdj266r xat24cr xm2jcoa x1mpyi22 xxymvpz xlup9mm x1kky2od\"><img loading=\"lazy\" decoding=\"async\" class=\"xz74otr x15mokao x1ga7v0g x16uus16 xbiv7yw\" src=\"https:\/\/static.xx.fbcdn.net\/images\/emoji.php\/v9\/t2d\/1\/16\/1f4cd.png\" alt=\"\ud83d\udccd\" width=\"16\" height=\"16\" \/><\/span> Ore 18:15 presso il Sagrato della Chiesa della Santissima Trinit\u00e0, Via Santissima 14, Localit\u00e0 Santissima, Polcenigo (PN)<\/div>\n<div dir=\"auto\"><span class=\"html-span xexx8yu xyri2b x18d9i69 x1c1uobl x1hl2dhg x16tdsg8 x1vvkbs x3nfvp2 x1j61x8r x1fcty0u xdj266r xat24cr xm2jcoa x1mpyi22 xxymvpz xlup9mm x1kky2od\"><img loading=\"lazy\" decoding=\"async\" class=\"xz74otr x15mokao x1ga7v0g x16uus16 xbiv7yw\" src=\"https:\/\/static.xx.fbcdn.net\/images\/emoji.php\/v9\/t8e\/1\/16\/2139.png\" alt=\"\u2139\" width=\"16\" height=\"16\" \/><\/span> Ingresso libero e gratuito<\/div>\n<\/div>\n<div class=\"x14z9mp xat24cr x1lziwak x1vvkbs xtlvy1s x126k92a\">\n<div dir=\"auto\"><\/div>\n<div dir=\"auto\"><span class=\"html-span xexx8yu xyri2b x18d9i69 x1c1uobl x1hl2dhg x16tdsg8 x1vvkbs x3nfvp2 x1j61x8r x1fcty0u xdj266r xat24cr xm2jcoa x1mpyi22 xxymvpz xlup9mm x1kky2od\"><img loading=\"lazy\" decoding=\"async\" class=\"xz74otr x15mokao x1ga7v0g x16uus16 xbiv7yw\" src=\"https:\/\/static.xx.fbcdn.net\/images\/emoji.php\/v9\/t5c\/1\/16\/1f5d3.png\" alt=\"\ud83d\uddd3\" width=\"16\" height=\"16\" \/><\/span> SABATO 30 AGOSTO<\/div>\n<div dir=\"auto\"><span class=\"html-span xexx8yu xyri2b x18d9i69 x1c1uobl x1hl2dhg x16tdsg8 x1vvkbs x3nfvp2 x1j61x8r x1fcty0u xdj266r xat24cr xm2jcoa x1mpyi22 xxymvpz xlup9mm x1kky2od\"><img loading=\"lazy\" decoding=\"async\" class=\"xz74otr x15mokao x1ga7v0g x16uus16 xbiv7yw\" src=\"https:\/\/static.xx.fbcdn.net\/images\/emoji.php\/v9\/tae\/1\/16\/1f3ad.png\" alt=\"\ud83c\udfad\" width=\"16\" height=\"16\" \/><\/span> Visita guidata teatralizzata al sito di Pal\u00f9 di Livenza con l\u2019attrice Carla Vukmirovic e il cantautore Edoardo De Angelis. Primo spettacolo alle ore 10:00 a seguire replica alle ore 11:30.<\/div>\n<div dir=\"auto\"><span class=\"html-span xexx8yu xyri2b x18d9i69 x1c1uobl x1hl2dhg x16tdsg8 x1vvkbs x3nfvp2 x1j61x8r x1fcty0u xdj266r xat24cr xm2jcoa x1mpyi22 xxymvpz xlup9mm x1kky2od\"><img loading=\"lazy\" decoding=\"async\" class=\"xz74otr x15mokao x1ga7v0g x16uus16 xbiv7yw\" src=\"https:\/\/static.xx.fbcdn.net\/images\/emoji.php\/v9\/t2d\/1\/16\/1f4cd.png\" alt=\"\ud83d\udccd\" width=\"16\" height=\"16\" \/><\/span> Ritrovo presso Infopoint di via Longone, Sito del Pal\u00f9 di Livenza, Caneva<\/div>\n<div dir=\"auto\"><\/div>\n<div dir=\"auto\"><span class=\"html-span xexx8yu xyri2b x18d9i69 x1c1uobl x1hl2dhg x16tdsg8 x1vvkbs x3nfvp2 x1j61x8r x1fcty0u xdj266r xat24cr xm2jcoa x1mpyi22 xxymvpz xlup9mm x1kky2od\"><img loading=\"lazy\" decoding=\"async\" class=\"xz74otr x15mokao x1ga7v0g x16uus16 xbiv7yw\" src=\"https:\/\/static.xx.fbcdn.net\/images\/emoji.php\/v9\/t8e\/1\/16\/2139.png\" alt=\"\u2139\" width=\"16\" height=\"16\" \/><\/span> Posti limitati. Partecipazione gratuita su prenotazione al seguente link <span class=\"html-span xdj266r x14z9mp xat24cr x1lziwak xexx8yu xyri2b x18d9i69 x1c1uobl x1hl2dhg x16tdsg8 x1vvkbs\"><a class=\"x1i10hfl xjbqb8w x1ejq31n x18oe1m7 x1sy0etr xstzfhl x972fbf x10w94by x1qhh985 x14e42zd x9f619 x1ypdohk xt0psk2 x3ct3a4 xdj266r x14z9mp xat24cr x1lziwak xexx8yu xyri2b x18d9i69 x1c1uobl x16tdsg8 x1hl2dhg xggy1nq x1a2a7pz xkrqix3 x1sur9pj x1fey0fg x1s688f\" tabindex=\"0\" role=\"link\" href=\"https:\/\/l.facebook.com\/l.php?u=https%3A%2F%2Fforms.gle%2F1eTNv5FcFjcd2G3o7&amp;h=AT2a45YzlP40BrKepgbISltEo7A6DxRXHaOb4plaXNzuiEpeRG15tWo752RpEzpiweR3MMX4LbEXF-1mMMS-5ZvPGLToi8HJ_3-VjHm3x1Fa3Xgrqz6xIaWoZ_R9ug1n9vi4vjyy7uHNqWcaYuU1iOPyQRJjE3nV&amp;__tn__=-UK-R&amp;c[0]=AT3ZeSmGcD5Vy-ZjVg6OYXn1om5gEYWoBssha_-y8oDMMLqm3GOJ6RUhrAV7dLZtMRuuZ7TSj1clyXiqgin4viPx3vLu2DCGRHTo31yLNMZSNMlIbN0mDAVBCf6xn-QRLAk2g5VGOxbOZClecuG6Xc93Ehq2_zzYOybvp1su-nnQ4yxGB1EEkk-X1erg0BI\" target=\"_blank\" rel=\"nofollow noopener noreferrer\">https:\/\/forms.gle\/1eTNv5FcFjcd2G3o7<\/a><\/span><\/div>\n<div dir=\"auto\"><\/div>\n<div dir=\"auto\"><span class=\"html-span xexx8yu xyri2b x18d9i69 x1c1uobl x1hl2dhg x16tdsg8 x1vvkbs x3nfvp2 x1j61x8r x1fcty0u xdj266r xat24cr xm2jcoa x1mpyi22 xxymvpz xlup9mm x1kky2od\"><img loading=\"lazy\" decoding=\"async\" class=\"xz74otr x15mokao x1ga7v0g x16uus16 xbiv7yw\" src=\"https:\/\/static.xx.fbcdn.net\/images\/emoji.php\/v9\/t6f\/1\/16\/2602.png\" alt=\"\u2602\ufe0f\" width=\"16\" height=\"16\" \/><\/span> In caso di maltempo, l&#8217;evento si terr\u00e0 comunque al coperto, presso la Chiesa della Santissima Trinit\u00e0 in Via Santissima 14, localit\u00e0 Santissima (Polcenigo).<\/div>\n<\/div>\n<div class=\"x14z9mp xat24cr x1lziwak x1vvkbs xtlvy1s x126k92a\">\n<div dir=\"auto\"><\/div>\n<div dir=\"auto\"><span class=\"html-span xexx8yu xyri2b x18d9i69 x1c1uobl x1hl2dhg x16tdsg8 x1vvkbs x3nfvp2 x1j61x8r x1fcty0u xdj266r xat24cr xm2jcoa x1mpyi22 xxymvpz xlup9mm x1kky2od\"><img loading=\"lazy\" decoding=\"async\" class=\"xz74otr x15mokao x1ga7v0g x16uus16 xbiv7yw\" src=\"https:\/\/static.xx.fbcdn.net\/images\/emoji.php\/v9\/t40\/1\/16\/25b6.png\" alt=\"\u25b6\ufe0f\" width=\"16\" height=\"16\" \/><\/span> Evento organizzato da Magnifica Comunit\u00e0 di Montagna Dolomiti Friulane, Cavallo e Cansiglio, Comune di Meduno, TEF S.c.r.l. e A.C.CulturArti nell&#8217;ambito del Progetto &#8220;Magnifica Montagna 2025&#8221;<\/div>\n<\/div>\n<p>[\/vc_column_text][\/vc_column][vc_column width=&#8221;1\/2&#8243;][vc_single_image image=&#8221;7660&#8243; img_size=&#8221;full&#8221; onclick=&#8221;custom_link&#8221; img_link_target=&#8221;_blank&#8221; css=&#8221;&#8221; link=&#8221;https:\/\/www.facebook.com\/story.php?story_fbid=1181338570686767&amp;id=100064319064615&amp;rdid=Yv59bW0g9yy3WFsx#&#8221;][\/vc_column][\/vc_row]<\/p>\n<\/div>","protected":false},"excerpt":{"rendered":"<p>[vc_row][vc_column width=&#8221;1\/2&#8243;][vc_column_text css=&#8221;&#8221;] LA MEMORIA DELL&#8217;ACQUA, L&#8217;ARCHEOLOGIA PRENDE VITA con Carla Vukmirovic e Edoardo De Angelis L\u2019attrice Carla Vukmirovic e il cantautore Edoardo De Angelis daranno voce e musica a una delle pi\u00f9 belle e misteriose ricchezze della Regione Friuli Venezia Giulia: il Pal\u00f9 di Livenza Passaggi di storia ed elementi di archeologia saranno offerti&hellip;<\/p>\n","protected":false},"author":3,"featured_media":7658,"comment_status":"closed","ping_status":"closed","sticky":false,"template":"","format":"standard","meta":{"_acf_changed":false,"inline_featured_image":false,"footnotes":""},"categories":[56],"tags":[164,170,171,172,96,46,168],"class_list":["post-7657","post","type-post","status-publish","format-standard","has-post-thumbnail","hentry","category-news-en","tag-iosonofriuliveneziagiulia-en","tag-memoria","tag-memoria-dell-acqua","tag-palu","tag-palu-di-livenza","tag-polcenigo-en","tag-regione-fvg-en"],"acf":[],"yoast_head":"<!-- This site is optimized with the Yoast SEO plugin v26.2 - https:\/\/yoast.com\/wordpress\/plugins\/seo\/ -->\n<title>LA MEMORIA DELL&#039;ACQUA, L&#039;ARCHEOLOGIA PRENDE VITA - Polcenigo<\/title>\n<meta name=\"description\" content=\"From August 29th to September 21st, 2025, the Palazzo Scolari Salice park in Polcenigo (PN) will host &quot;Comics in the Park&quot;.\" \/>\n<meta name=\"robots\" content=\"index, follow, max-snippet:-1, max-image-preview:large, max-video-preview:-1\" \/>\n<link rel=\"canonical\" href=\"https:\/\/www.polcenigo.org\/en\/la-memoria-dellacqua\/\" \/>\n<meta property=\"og:locale\" content=\"en_US\" \/>\n<meta property=\"og:type\" content=\"article\" \/>\n<meta property=\"og:title\" content=\"LA MEMORIA DELL&#039;ACQUA, L&#039;ARCHEOLOGIA PRENDE VITA - Polcenigo\" \/>\n<meta property=\"og:description\" content=\"From August 29th to September 21st, 2025, the Palazzo Scolari Salice park in Polcenigo (PN) will host &quot;Comics in the Park&quot;.\" \/>\n<meta property=\"og:url\" content=\"https:\/\/www.polcenigo.org\/en\/la-memoria-dellacqua\/\" \/>\n<meta property=\"og:site_name\" content=\"Polcenigo\" \/>\n<meta property=\"article:publisher\" content=\"https:\/\/www.facebook.com\/PolcenigoUfficiale\" \/>\n<meta property=\"article:published_time\" content=\"2025-08-26T09:35:56+00:00\" \/>\n<meta property=\"og:image\" content=\"https:\/\/www.polcenigo.org\/wp-content\/uploads\/2025\/08\/memoriadellacqua_copertina.png\" \/>\n\t<meta property=\"og:image:width\" content=\"1448\" \/>\n\t<meta property=\"og:image:height\" content=\"1020\" \/>\n\t<meta property=\"og:image:type\" content=\"image\/png\" \/>\n<meta name=\"author\" content=\"Stefano Liani\" \/>\n<meta name=\"twitter:card\" content=\"summary_large_image\" \/>\n<meta name=\"twitter:label1\" content=\"Written by\" \/>\n\t<meta name=\"twitter:data1\" content=\"Stefano Liani\" \/>\n\t<meta name=\"twitter:label2\" content=\"Est. reading time\" \/>\n\t<meta name=\"twitter:data2\" content=\"5 minutes\" \/>\n<script type=\"application\/ld+json\" class=\"yoast-schema-graph\">{\"@context\":\"https:\/\/schema.org\",\"@graph\":[{\"@type\":\"Article\",\"@id\":\"https:\/\/www.polcenigo.org\/en\/la-memoria-dellacqua\/#article\",\"isPartOf\":{\"@id\":\"https:\/\/www.polcenigo.org\/en\/la-memoria-dellacqua\/\"},\"author\":{\"name\":\"Stefano Liani\",\"@id\":\"https:\/\/www.polcenigo.org\/en\/#\/schema\/person\/f741bfe8861a0cabafa8d065c4e7dce5\"},\"headline\":\"LA MEMORIA DELL&#8217;ACQUA, L&#8217;ARCHEOLOGIA PRENDE VITA\",\"datePublished\":\"2025-08-26T09:35:56+00:00\",\"mainEntityOfPage\":{\"@id\":\"https:\/\/www.polcenigo.org\/en\/la-memoria-dellacqua\/\"},\"wordCount\":309,\"publisher\":{\"@id\":\"https:\/\/www.polcenigo.org\/en\/#organization\"},\"image\":{\"@id\":\"https:\/\/www.polcenigo.org\/en\/la-memoria-dellacqua\/#primaryimage\"},\"thumbnailUrl\":\"https:\/\/www.polcenigo.org\/wp-content\/uploads\/2025\/08\/memoriadellacqua_copertina.png\",\"keywords\":[\"iosonofriuliveneziagiulia\",\"memoria\",\"memoria dell' acqua\",\"palu\",\"palu di livenza\",\"polcenigo\",\"regione fvg\"],\"articleSection\":[\"News\"],\"inLanguage\":\"en-US\"},{\"@type\":\"WebPage\",\"@id\":\"https:\/\/www.polcenigo.org\/en\/la-memoria-dellacqua\/\",\"url\":\"https:\/\/www.polcenigo.org\/en\/la-memoria-dellacqua\/\",\"name\":\"LA MEMORIA DELL'ACQUA, L'ARCHEOLOGIA PRENDE VITA - Polcenigo\",\"isPartOf\":{\"@id\":\"https:\/\/www.polcenigo.org\/en\/#website\"},\"primaryImageOfPage\":{\"@id\":\"https:\/\/www.polcenigo.org\/en\/la-memoria-dellacqua\/#primaryimage\"},\"image\":{\"@id\":\"https:\/\/www.polcenigo.org\/en\/la-memoria-dellacqua\/#primaryimage\"},\"thumbnailUrl\":\"https:\/\/www.polcenigo.org\/wp-content\/uploads\/2025\/08\/memoriadellacqua_copertina.png\",\"datePublished\":\"2025-08-26T09:35:56+00:00\",\"description\":\"From August 29th to September 21st, 2025, the Palazzo Scolari Salice park in Polcenigo (PN) will host \\\"Comics in the Park\\\".\",\"breadcrumb\":{\"@id\":\"https:\/\/www.polcenigo.org\/en\/la-memoria-dellacqua\/#breadcrumb\"},\"inLanguage\":\"en-US\",\"potentialAction\":[{\"@type\":\"ReadAction\",\"target\":[\"https:\/\/www.polcenigo.org\/en\/la-memoria-dellacqua\/\"]}]},{\"@type\":\"ImageObject\",\"inLanguage\":\"en-US\",\"@id\":\"https:\/\/www.polcenigo.org\/en\/la-memoria-dellacqua\/#primaryimage\",\"url\":\"https:\/\/www.polcenigo.org\/wp-content\/uploads\/2025\/08\/memoriadellacqua_copertina.png\",\"contentUrl\":\"https:\/\/www.polcenigo.org\/wp-content\/uploads\/2025\/08\/memoriadellacqua_copertina.png\",\"width\":1448,\"height\":1020},{\"@type\":\"BreadcrumbList\",\"@id\":\"https:\/\/www.polcenigo.org\/en\/la-memoria-dellacqua\/#breadcrumb\",\"itemListElement\":[{\"@type\":\"ListItem\",\"position\":1,\"name\":\"Home\",\"item\":\"https:\/\/www.polcenigo.org\/en\/\"},{\"@type\":\"ListItem\",\"position\":2,\"name\":\"LA MEMORIA DELL&#8217;ACQUA, L&#8217;ARCHEOLOGIA PRENDE VITA\"}]},{\"@type\":\"WebSite\",\"@id\":\"https:\/\/www.polcenigo.org\/en\/#website\",\"url\":\"https:\/\/www.polcenigo.org\/en\/\",\"name\":\"Polcenigo\",\"description\":\"Turismo\",\"publisher\":{\"@id\":\"https:\/\/www.polcenigo.org\/en\/#organization\"},\"potentialAction\":[{\"@type\":\"SearchAction\",\"target\":{\"@type\":\"EntryPoint\",\"urlTemplate\":\"https:\/\/www.polcenigo.org\/en\/?s={search_term_string}\"},\"query-input\":{\"@type\":\"PropertyValueSpecification\",\"valueRequired\":true,\"valueName\":\"search_term_string\"}}],\"inLanguage\":\"en-US\"},{\"@type\":\"Organization\",\"@id\":\"https:\/\/www.polcenigo.org\/en\/#organization\",\"name\":\"Polcenigo\",\"url\":\"https:\/\/www.polcenigo.org\/en\/\",\"logo\":{\"@type\":\"ImageObject\",\"inLanguage\":\"en-US\",\"@id\":\"https:\/\/www.polcenigo.org\/en\/#\/schema\/logo\/image\/\",\"url\":\"https:\/\/www.polcenigo.org\/wp-content\/uploads\/2023\/02\/favicon_nicepolcenigo.jpg\",\"contentUrl\":\"https:\/\/www.polcenigo.org\/wp-content\/uploads\/2023\/02\/favicon_nicepolcenigo.jpg\",\"width\":512,\"height\":512,\"caption\":\"Polcenigo\"},\"image\":{\"@id\":\"https:\/\/www.polcenigo.org\/en\/#\/schema\/logo\/image\/\"},\"sameAs\":[\"https:\/\/www.facebook.com\/PolcenigoUfficiale\",\"https:\/\/www.instagram.com\/polcenigoeventi\/?hl=it\"]},{\"@type\":\"Person\",\"@id\":\"https:\/\/www.polcenigo.org\/en\/#\/schema\/person\/f741bfe8861a0cabafa8d065c4e7dce5\",\"name\":\"Stefano Liani\",\"sameAs\":[\"http:\/\/www.stefanoliani.com\"],\"url\":\"https:\/\/www.polcenigo.org\/en\/author\/ideasoluzioni\/\"}]}<\/script>\n<!-- \/ Yoast SEO plugin. -->","yoast_head_json":{"title":"LA MEMORIA DELL'ACQUA, L'ARCHEOLOGIA PRENDE VITA - Polcenigo","description":"From August 29th to September 21st, 2025, the Palazzo Scolari Salice park in Polcenigo (PN) will host \"Comics in the Park\".","robots":{"index":"index","follow":"follow","max-snippet":"max-snippet:-1","max-image-preview":"max-image-preview:large","max-video-preview":"max-video-preview:-1"},"canonical":"https:\/\/www.polcenigo.org\/en\/la-memoria-dellacqua\/","og_locale":"en_US","og_type":"article","og_title":"LA MEMORIA DELL'ACQUA, L'ARCHEOLOGIA PRENDE VITA - Polcenigo","og_description":"From August 29th to September 21st, 2025, the Palazzo Scolari Salice park in Polcenigo (PN) will host \"Comics in the Park\".","og_url":"https:\/\/www.polcenigo.org\/en\/la-memoria-dellacqua\/","og_site_name":"Polcenigo","article_publisher":"https:\/\/www.facebook.com\/PolcenigoUfficiale","article_published_time":"2025-08-26T09:35:56+00:00","og_image":[{"width":1448,"height":1020,"url":"https:\/\/www.polcenigo.org\/wp-content\/uploads\/2025\/08\/memoriadellacqua_copertina.png","type":"image\/png"}],"author":"Stefano Liani","twitter_card":"summary_large_image","twitter_misc":{"Written by":"Stefano Liani","Est. reading time":"5 minutes"},"schema":{"@context":"https:\/\/schema.org","@graph":[{"@type":"Article","@id":"https:\/\/www.polcenigo.org\/en\/la-memoria-dellacqua\/#article","isPartOf":{"@id":"https:\/\/www.polcenigo.org\/en\/la-memoria-dellacqua\/"},"author":{"name":"Stefano Liani","@id":"https:\/\/www.polcenigo.org\/en\/#\/schema\/person\/f741bfe8861a0cabafa8d065c4e7dce5"},"headline":"LA MEMORIA DELL&#8217;ACQUA, L&#8217;ARCHEOLOGIA PRENDE VITA","datePublished":"2025-08-26T09:35:56+00:00","mainEntityOfPage":{"@id":"https:\/\/www.polcenigo.org\/en\/la-memoria-dellacqua\/"},"wordCount":309,"publisher":{"@id":"https:\/\/www.polcenigo.org\/en\/#organization"},"image":{"@id":"https:\/\/www.polcenigo.org\/en\/la-memoria-dellacqua\/#primaryimage"},"thumbnailUrl":"https:\/\/www.polcenigo.org\/wp-content\/uploads\/2025\/08\/memoriadellacqua_copertina.png","keywords":["iosonofriuliveneziagiulia","memoria","memoria dell' acqua","palu","palu di livenza","polcenigo","regione fvg"],"articleSection":["News"],"inLanguage":"en-US"},{"@type":"WebPage","@id":"https:\/\/www.polcenigo.org\/en\/la-memoria-dellacqua\/","url":"https:\/\/www.polcenigo.org\/en\/la-memoria-dellacqua\/","name":"LA MEMORIA DELL'ACQUA, L'ARCHEOLOGIA PRENDE VITA - Polcenigo","isPartOf":{"@id":"https:\/\/www.polcenigo.org\/en\/#website"},"primaryImageOfPage":{"@id":"https:\/\/www.polcenigo.org\/en\/la-memoria-dellacqua\/#primaryimage"},"image":{"@id":"https:\/\/www.polcenigo.org\/en\/la-memoria-dellacqua\/#primaryimage"},"thumbnailUrl":"https:\/\/www.polcenigo.org\/wp-content\/uploads\/2025\/08\/memoriadellacqua_copertina.png","datePublished":"2025-08-26T09:35:56+00:00","description":"From August 29th to September 21st, 2025, the Palazzo Scolari Salice park in Polcenigo (PN) will host \"Comics in the Park\".","breadcrumb":{"@id":"https:\/\/www.polcenigo.org\/en\/la-memoria-dellacqua\/#breadcrumb"},"inLanguage":"en-US","potentialAction":[{"@type":"ReadAction","target":["https:\/\/www.polcenigo.org\/en\/la-memoria-dellacqua\/"]}]},{"@type":"ImageObject","inLanguage":"en-US","@id":"https:\/\/www.polcenigo.org\/en\/la-memoria-dellacqua\/#primaryimage","url":"https:\/\/www.polcenigo.org\/wp-content\/uploads\/2025\/08\/memoriadellacqua_copertina.png","contentUrl":"https:\/\/www.polcenigo.org\/wp-content\/uploads\/2025\/08\/memoriadellacqua_copertina.png","width":1448,"height":1020},{"@type":"BreadcrumbList","@id":"https:\/\/www.polcenigo.org\/en\/la-memoria-dellacqua\/#breadcrumb","itemListElement":[{"@type":"ListItem","position":1,"name":"Home","item":"https:\/\/www.polcenigo.org\/en\/"},{"@type":"ListItem","position":2,"name":"LA MEMORIA DELL&#8217;ACQUA, L&#8217;ARCHEOLOGIA PRENDE VITA"}]},{"@type":"WebSite","@id":"https:\/\/www.polcenigo.org\/en\/#website","url":"https:\/\/www.polcenigo.org\/en\/","name":"Polcenigo","description":"Turismo","publisher":{"@id":"https:\/\/www.polcenigo.org\/en\/#organization"},"potentialAction":[{"@type":"SearchAction","target":{"@type":"EntryPoint","urlTemplate":"https:\/\/www.polcenigo.org\/en\/?s={search_term_string}"},"query-input":{"@type":"PropertyValueSpecification","valueRequired":true,"valueName":"search_term_string"}}],"inLanguage":"en-US"},{"@type":"Organization","@id":"https:\/\/www.polcenigo.org\/en\/#organization","name":"Polcenigo","url":"https:\/\/www.polcenigo.org\/en\/","logo":{"@type":"ImageObject","inLanguage":"en-US","@id":"https:\/\/www.polcenigo.org\/en\/#\/schema\/logo\/image\/","url":"https:\/\/www.polcenigo.org\/wp-content\/uploads\/2023\/02\/favicon_nicepolcenigo.jpg","contentUrl":"https:\/\/www.polcenigo.org\/wp-content\/uploads\/2023\/02\/favicon_nicepolcenigo.jpg","width":512,"height":512,"caption":"Polcenigo"},"image":{"@id":"https:\/\/www.polcenigo.org\/en\/#\/schema\/logo\/image\/"},"sameAs":["https:\/\/www.facebook.com\/PolcenigoUfficiale","https:\/\/www.instagram.com\/polcenigoeventi\/?hl=it"]},{"@type":"Person","@id":"https:\/\/www.polcenigo.org\/en\/#\/schema\/person\/f741bfe8861a0cabafa8d065c4e7dce5","name":"Stefano Liani","sameAs":["http:\/\/www.stefanoliani.com"],"url":"https:\/\/www.polcenigo.org\/en\/author\/ideasoluzioni\/"}]}},"_links":{"self":[{"href":"https:\/\/www.polcenigo.org\/en\/wp-json\/wp\/v2\/posts\/7657","targetHints":{"allow":["GET"]}}],"collection":[{"href":"https:\/\/www.polcenigo.org\/en\/wp-json\/wp\/v2\/posts"}],"about":[{"href":"https:\/\/www.polcenigo.org\/en\/wp-json\/wp\/v2\/types\/post"}],"author":[{"embeddable":true,"href":"https:\/\/www.polcenigo.org\/en\/wp-json\/wp\/v2\/users\/3"}],"replies":[{"embeddable":true,"href":"https:\/\/www.polcenigo.org\/en\/wp-json\/wp\/v2\/comments?post=7657"}],"version-history":[{"count":1,"href":"https:\/\/www.polcenigo.org\/en\/wp-json\/wp\/v2\/posts\/7657\/revisions"}],"predecessor-version":[{"id":7662,"href":"https:\/\/www.polcenigo.org\/en\/wp-json\/wp\/v2\/posts\/7657\/revisions\/7662"}],"wp:featuredmedia":[{"embeddable":true,"href":"https:\/\/www.polcenigo.org\/en\/wp-json\/wp\/v2\/media\/7658"}],"wp:attachment":[{"href":"https:\/\/www.polcenigo.org\/en\/wp-json\/wp\/v2\/media?parent=7657"}],"wp:term":[{"taxonomy":"category","embeddable":true,"href":"https:\/\/www.polcenigo.org\/en\/wp-json\/wp\/v2\/categories?post=7657"},{"taxonomy":"post_tag","embeddable":true,"href":"https:\/\/www.polcenigo.org\/en\/wp-json\/wp\/v2\/tags?post=7657"}],"curies":[{"name":"wp","href":"https:\/\/api.w.org\/{rel}","templated":true}]}}